{"id":14253,"date":"2026-03-05T10:00:32","date_gmt":"2026-03-05T09:00:32","guid":{"rendered":"https:\/\/zukunft-gastwelt.de\/newsroom\/?p=14253"},"modified":"2026-03-06T10:45:36","modified_gmt":"2026-03-06T09:45:36","slug":"neue-studie-zur-kita-schulverpflegung-dzg-startet-bundesweite-umfrage","status":"publish","type":"post","link":"https:\/\/zukunft-gastwelt.de\/newsroom\/2026\/03\/05\/neue-studie-zur-kita-schulverpflegung-dzg-startet-bundesweite-umfrage\/","title":{"rendered":"Neue Studie zur Kita- &#038; Schulverpflegung: DZG startet bundesweite Umfrage"},"content":{"rendered":"<p style=\"font-weight: 400;\">Erstmals werden zentrale Marktdaten systematisch erhoben \u2013 Befragung startet diese Woche<\/p>\n<p style=\"font-weight: 400;\"><strong>Berlin, 05. M\u00e4rz 2026 \u2013 Die Denkfabrik Zukunft der Gastwelt (DZG) arbeitet derzeit intensiv an einer neuen bundesweiten Studie zur Kita- &amp; Schulverpflegung. Im Rahmen der Untersuchung mit dem Titel \u201eZukunft gibt\u2019s nicht zum Nulltarif \u2013 Schul- und Kitaverpflegung in Deutschland zwischen Anspruch und Wirtschaftlichkeit\u201c werden erstmals auch aktuelle und belastbare Marktdaten erhoben. Im Fokus steht unter anderem die Frage, wie viele professionelle Anbieter in diesem Segment t\u00e4tig sind und mit welchen strukturellen sowie wirtschaftlichen Herausforderungen sie aktuell konfrontiert sind. Dazu startet die DZG in dieser Woche bundesweit eine breit angelegte Befragung, an der sich m\u00f6glichst alle Cateringunternehmen mit diesem Schwerpunkt beteiligen sollen. <\/strong>\u201eUm unserem wichtigen Thema die notwendige politische Aufmerksamkeit zu verschaffen, sind aktuelle Daten unverzichtbar\u201c, so DZG-Vorstandsmitglied Markus Grube (CFO VielfaltMen\u00fc). Zusammen mit Denkfabrik-Beirat Stefan Lehmann (CEO Lehmanns Gastronomie) hat er die Studie initiiert. \u201eF\u00fcr die Gespr\u00e4che mit der Politik brauchen wir jetzt endlich belastbare Zahlen \u2013 und das auf allen Ebenen\u201c, erg\u00e4nzt Lehmann.<\/p>\n<p style=\"font-weight: 400;\">Die Studie wird im Auftrag der DZG vom Institut f\u00fcr Sozialinnovation (ISInova) in Berlin durchgef\u00fchrt. Dabei kommen sowohl qualitative als auch quantitative Methoden zum Einsatz, um der Untersuchung eine hohe Aussagekraft zu verleihen. Ziel ist es, die strukturelle und \u00f6konomische Situation der Schul- und Kitacaterer in ganz Deutschland zu erfassen. \u201eJe mehr Caterer sich an unserer Umfrage beteiligen, desto besser. Auch wenn die Zeit knapp ist, sind die wenigen Minuten zur Beantwortung der Fragen gut investierte Zeit\u201c, betonen Grube und Lehmann. Die Ver\u00f6ffentlichung der DZG-Studie ist f\u00fcr Sp\u00e4tsommer 2026 geplant. Kern-Zielgruppe sind politische Entscheidungstr\u00e4ger in Bund, L\u00e4ndern und Kommunen.<\/p>\n<p style=\"font-weight: 400;\"><strong>Die Umfrage startet am 05. M\u00e4rz und l\u00e4uft bis Ende des Monats. Der Link zur Befragung lautet:<br \/>\n<\/strong><a href=\"https:\/\/survey.isisystem.org\/index.php\/811523?lang=de\"><strong>https:\/\/survey.isisystem.org\/index.php\/811523?lang=de<\/strong><\/a><\/p>\n<p style=\"font-weight: 400;\"><strong>Bildtext:<\/strong> Werben f\u00fcr die Teilnahme an der neuen Umfrage zur bundesweiten Kita- und Schulverpflegung: Die Caterer Markus Grube und Stefan Lehmann (rechts). Fotos: DZG\/Lehmanns Gastronomie. <u><br \/>\n<\/u><\/p>\n","protected":false},"excerpt":{"rendered":"<p>Erstmals werden zentrale Marktdaten systematisch erhoben \u2013 Befragung startet diese Woche Berlin, 05. M\u00e4rz 2026 \u2013 Die Denkfabrik Zukunft der Gastwelt (DZG) arbeitet derzeit intensiv an einer neuen bundesweiten Studie zur Kita- &amp; Schulverpflegung. Im Rahmen der Untersuchung mit dem Titel \u201eZukunft gibt\u2019s nicht zum Nulltarif \u2013 Schul- und Kitaverpflegung in Deutschland zwischen Anspruch und [&hellip;]<\/p>\n","protected":false},"author":4,"featured_media":14255,"comment_status":"closed","ping_status":"closed","sticky":false,"template":"","format":"standard","meta":{"_acf_changed":false,"footnotes":""},"categories":[17,9],"tags":[],"class_list":["post-14253","post","type-post","status-publish","format-standard","has-post-thumbnail","hentry","category-aktuell","category-presse"],"acf":[],"_links":{"self":[{"href":"https:\/\/zukunft-gastwelt.de\/newsroom\/wp-json\/wp\/v2\/posts\/14253","targetHints":{"allow":["GET"]}}],"collection":[{"href":"https:\/\/zukunft-gastwelt.de\/newsroom\/wp-json\/wp\/v2\/posts"}],"about":[{"href":"https:\/\/zukunft-gastwelt.de\/newsroom\/wp-json\/wp\/v2\/types\/post"}],"author":[{"embeddable":true,"href":"https:\/\/zukunft-gastwelt.de\/newsroom\/wp-json\/wp\/v2\/users\/4"}],"replies":[{"embeddable":true,"href":"https:\/\/zukunft-gastwelt.de\/newsroom\/wp-json\/wp\/v2\/comments?post=14253"}],"version-history":[{"count":2,"href":"https:\/\/zukunft-gastwelt.de\/newsroom\/wp-json\/wp\/v2\/posts\/14253\/revisions"}],"predecessor-version":[{"id":14256,"href":"https:\/\/zukunft-gastwelt.de\/newsroom\/wp-json\/wp\/v2\/posts\/14253\/revisions\/14256"}],"wp:featuredmedia":[{"embeddable":true,"href":"https:\/\/zukunft-gastwelt.de\/newsroom\/wp-json\/wp\/v2\/media\/14255"}],"wp:attachment":[{"href":"https:\/\/zukunft-gastwelt.de\/newsroom\/wp-json\/wp\/v2\/media?parent=14253"}],"wp:term":[{"taxonomy":"category","embeddable":true,"href":"https:\/\/zukunft-gastwelt.de\/newsroom\/wp-json\/wp\/v2\/categories?post=14253"},{"taxonomy":"post_tag","embeddable":true,"href":"https:\/\/zukunft-gastwelt.de\/newsroom\/wp-json\/wp\/v2\/tags?post=14253"}],"curies":[{"name":"wp","href":"https:\/\/api.w.org\/{rel}","templated":true}]}}