{"id":13703,"date":"2025-11-18T09:00:25","date_gmt":"2025-11-18T08:00:25","guid":{"rendered":"https:\/\/zukunft-gastwelt.de\/newsroom\/?p=13703"},"modified":"2025-11-18T09:55:50","modified_gmt":"2025-11-18T08:55:50","slug":"gastweltmacherin-kerstin-rapp-schwan","status":"publish","type":"post","link":"https:\/\/zukunft-gastwelt.de\/newsroom\/2025\/11\/18\/gastweltmacherin-kerstin-rapp-schwan\/","title":{"rendered":"Gastweltmacherin \u2013 Kerstin Rapp-Schwan"},"content":{"rendered":"\t\t<div data-elementor-type=\"wp-post\" data-elementor-id=\"13703\" class=\"elementor elementor-13703\" data-elementor-post-type=\"post\">\n\t\t\t\t<div class=\"elementor-element elementor-element-4d341d1 shrinker e-flex e-con-boxed e-con e-parent\" data-id=\"4d341d1\" data-element_type=\"container\" data-e-type=\"container\">\n\t\t\t\t\t<div class=\"e-con-inner\">\n\t\t<div class=\"elementor-element elementor-element-c1bbbe1 e-con-full e-flex e-con e-child\" data-id=\"c1bbbe1\" data-element_type=\"container\" data-e-type=\"container\">\n\t\t<div class=\"elementor-element elementor-element-7e462b9 e-con-full e-flex e-con e-child\" data-id=\"7e462b9\" data-element_type=\"container\" data-e-type=\"container\">\n\t\t<div class=\"elementor-element elementor-element-5fa98a2 e-con-full e-flex e-con e-child\" data-id=\"5fa98a2\" data-element_type=\"container\" data-e-type=\"container\">\n\t\t\t\t<div class=\"elementor-element elementor-element-39f0ec3 elementor-widget__width-inherit elementor-invisible elementor-widget elementor-widget-heading\" data-id=\"39f0ec3\" data-element_type=\"widget\" data-e-type=\"widget\" data-settings=\"{&quot;_animation&quot;:&quot;fadeInUp&quot;}\" data-widget_type=\"heading.default\">\n\t\t\t\t\t<h2 class=\"elementor-heading-title elementor-size-default\">Gastweltmacherin<\/h2>\t\t\t\t<\/div>\n\t\t\t\t<div class=\"elementor-element elementor-element-592f4c7 elementor-widget__width-initial elementor-widget-mobile__width-inherit elementor-invisible elementor-widget elementor-widget-heading\" data-id=\"592f4c7\" data-element_type=\"widget\" data-e-type=\"widget\" data-settings=\"{&quot;_animation&quot;:&quot;fadeInUp&quot;}\" data-widget_type=\"heading.default\">\n\t\t\t\t\t<p class=\"elementor-heading-title elementor-size-default\">Kerstin Rapp-Schwan<\/p>\t\t\t\t<\/div>\n\t\t\t\t<div class=\"elementor-element elementor-element-fb4cedc elementor-share-buttons--view-icon elementor-share-buttons--skin-minimal elementor-share-buttons--shape-circle elementor-share-buttons--color-custom elementor-grid-0 elementor-invisible elementor-widget elementor-widget-share-buttons\" data-id=\"fb4cedc\" data-element_type=\"widget\" data-e-type=\"widget\" data-settings=\"{&quot;_animation&quot;:&quot;fadeInUp&quot;,&quot;share_url&quot;:{&quot;url&quot;:&quot;&quot;,&quot;is_external&quot;:&quot;&quot;,&quot;nofollow&quot;:&quot;&quot;,&quot;custom_attributes&quot;:&quot;&quot;}}\" data-widget_type=\"share-buttons.default\">\n\t\t\t\t\t\t\t<div class=\"elementor-grid\" role=\"list\">\n\t\t\t\t\t\t\t\t<div class=\"elementor-grid-item\" role=\"listitem\">\n\t\t\t\t\t\t<div class=\"elementor-share-btn elementor-share-btn_linkedin\" role=\"button\" tabindex=\"0\" aria-label=\"Teilen auf linkedin\">\n\t\t\t\t\t\t\t\t\t\t\t\t\t\t\t<span class=\"elementor-share-btn__icon\">\n\t\t\t\t\t\t\t\t<svg aria-hidden=\"true\" class=\"e-font-icon-svg e-fab-linkedin\" viewBox=\"0 0 448 512\" xmlns=\"http:\/\/www.w3.org\/2000\/svg\"><path d=\"M416 32H31.9C14.3 32 0 46.5 0 64.3v383.4C0 465.5 14.3 480 31.9 480H416c17.6 0 32-14.5 32-32.3V64.3c0-17.8-14.4-32.3-32-32.3zM135.4 416H69V202.2h66.5V416zm-33.2-243c-21.3 0-38.5-17.3-38.5-38.5S80.9 96 102.2 96c21.2 0 38.5 17.3 38.5 38.5 0 21.3-17.2 38.5-38.5 38.5zm282.1 243h-66.4V312c0-24.8-.5-56.7-34.5-56.7-34.6 0-39.9 27-39.9 54.9V416h-66.4V202.2h63.7v29.2h.9c8.9-16.8 30.6-34.5 62.9-34.5 67.2 0 79.7 44.3 79.7 101.9V416z\"><\/path><\/svg>\t\t\t\t\t\t\t<\/span>\n\t\t\t\t\t\t\t\t\t\t\t\t\t\t\t\t\t\t\t\t<\/div>\n\t\t\t\t\t<\/div>\n\t\t\t\t\t\t\t\t\t<div class=\"elementor-grid-item\" role=\"listitem\">\n\t\t\t\t\t\t<div class=\"elementor-share-btn elementor-share-btn_email\" role=\"button\" tabindex=\"0\" aria-label=\"Teilen auf email\">\n\t\t\t\t\t\t\t\t\t\t\t\t\t\t\t<span class=\"elementor-share-btn__icon\">\n\t\t\t\t\t\t\t\t<svg aria-hidden=\"true\" class=\"e-font-icon-svg e-fas-envelope\" viewBox=\"0 0 512 512\" xmlns=\"http:\/\/www.w3.org\/2000\/svg\"><path d=\"M502.3 190.8c3.9-3.1 9.7-.2 9.7 4.7V400c0 26.5-21.5 48-48 48H48c-26.5 0-48-21.5-48-48V195.6c0-5 5.7-7.8 9.7-4.7 22.4 17.4 52.1 39.5 154.1 113.6 21.1 15.4 56.7 47.8 92.2 47.6 35.7.3 72-32.8 92.3-47.6 102-74.1 131.6-96.3 154-113.7zM256 320c23.2.4 56.6-29.2 73.4-41.4 132.7-96.3 142.8-104.7 173.4-128.7 5.8-4.5 9.2-11.5 9.2-18.9v-19c0-26.5-21.5-48-48-48H48C21.5 64 0 85.5 0 112v19c0 7.4 3.4 14.3 9.2 18.9 30.6 23.9 40.7 32.4 173.4 128.7 16.8 12.2 50.2 41.8 73.4 41.4z\"><\/path><\/svg>\t\t\t\t\t\t\t<\/span>\n\t\t\t\t\t\t\t\t\t\t\t\t\t\t\t\t\t\t\t\t<\/div>\n\t\t\t\t\t<\/div>\n\t\t\t\t\t\t\t\t\t<div class=\"elementor-grid-item\" role=\"listitem\">\n\t\t\t\t\t\t<div class=\"elementor-share-btn elementor-share-btn_whatsapp\" role=\"button\" tabindex=\"0\" aria-label=\"Teilen auf whatsapp\">\n\t\t\t\t\t\t\t\t\t\t\t\t\t\t\t<span class=\"elementor-share-btn__icon\">\n\t\t\t\t\t\t\t\t<svg aria-hidden=\"true\" class=\"e-font-icon-svg e-fab-whatsapp\" viewBox=\"0 0 448 512\" xmlns=\"http:\/\/www.w3.org\/2000\/svg\"><path d=\"M380.9 97.1C339 55.1 283.2 32 223.9 32c-122.4 0-222 99.6-222 222 0 39.1 10.2 77.3 29.6 111L0 480l117.7-30.9c32.4 17.7 68.9 27 106.1 27h.1c122.3 0 224.1-99.6 224.1-222 0-59.3-25.2-115-67.1-157zm-157 341.6c-33.2 0-65.7-8.9-94-25.7l-6.7-4-69.8 18.3L72 359.2l-4.4-7c-18.5-29.4-28.2-63.3-28.2-98.2 0-101.7 82.8-184.5 184.6-184.5 49.3 0 95.6 19.2 130.4 54.1 34.8 34.9 56.2 81.2 56.1 130.5 0 101.8-84.9 184.6-186.6 184.6zm101.2-138.2c-5.5-2.8-32.8-16.2-37.9-18-5.1-1.9-8.8-2.8-12.5 2.8-3.7 5.6-14.3 18-17.6 21.8-3.2 3.7-6.5 4.2-12 1.4-32.6-16.3-54-29.1-75.5-66-5.7-9.8 5.7-9.1 16.3-30.3 1.8-3.7.9-6.9-.5-9.7-1.4-2.8-12.5-30.1-17.1-41.2-4.5-10.8-9.1-9.3-12.5-9.5-3.2-.2-6.9-.2-10.6-.2-3.7 0-9.7 1.4-14.8 6.9-5.1 5.6-19.4 19-19.4 46.3 0 27.3 19.9 53.7 22.6 57.4 2.8 3.7 39.1 59.7 94.8 83.8 35.2 15.2 49 16.5 66.6 13.9 10.7-1.6 32.8-13.4 37.4-26.4 4.6-13 4.6-24.1 3.2-26.4-1.3-2.5-5-3.9-10.5-6.6z\"><\/path><\/svg>\t\t\t\t\t\t\t<\/span>\n\t\t\t\t\t\t\t\t\t\t\t\t\t\t\t\t\t\t\t\t<\/div>\n\t\t\t\t\t<\/div>\n\t\t\t\t\t\t<\/div>\n\t\t\t\t\t\t<\/div>\n\t\t\t\t<\/div>\n\t\t<div class=\"elementor-element elementor-element-79eafb8 e-con-full e-flex e-con e-child\" data-id=\"79eafb8\" data-element_type=\"container\" data-e-type=\"container\" data-settings=\"{&quot;background_background&quot;:&quot;classic&quot;}\">\n\t\t\t\t<\/div>\n\t\t\t\t<\/div>\n\t\t\t\t<\/div>\n\t\t\t\t\t<\/div>\n\t\t\t\t<\/div>\n\t\t<div class=\"elementor-element elementor-element-cfb8b50 shrinker e-flex e-con-boxed e-con e-parent\" data-id=\"cfb8b50\" data-element_type=\"container\" data-e-type=\"container\" data-settings=\"{&quot;background_background&quot;:&quot;classic&quot;}\">\n\t\t\t\t\t<div class=\"e-con-inner\">\n\t\t<div class=\"elementor-element elementor-element-845f24e e-con-full e-flex e-con e-child\" data-id=\"845f24e\" data-element_type=\"container\" data-e-type=\"container\">\n\t\t<div class=\"elementor-element elementor-element-72bd167 e-con-full e-flex e-con e-child\" data-id=\"72bd167\" data-element_type=\"container\" data-e-type=\"container\">\n\t\t<div class=\"elementor-element elementor-element-bb63ea9 e-con-full e-flex e-con e-child\" data-id=\"bb63ea9\" data-element_type=\"container\" data-e-type=\"container\">\n\t\t\t\t<div class=\"elementor-element elementor-element-e272ee5 elementor-widget elementor-widget-n-accordion\" data-id=\"e272ee5\" data-element_type=\"widget\" data-e-type=\"widget\" data-settings=\"{&quot;default_state&quot;:&quot;expanded&quot;,&quot;max_items_expended&quot;:&quot;one&quot;,&quot;n_accordion_animation_duration&quot;:{&quot;unit&quot;:&quot;ms&quot;,&quot;size&quot;:400,&quot;sizes&quot;:[]}}\" data-widget_type=\"nested-accordion.default\">\n\t\t\t\t\t\t\t<div class=\"e-n-accordion\" aria-label=\"Accordion. Open links with Enter or Space, close with Escape, and navigate with Arrow Keys\">\n\t\t\t\t\t\t<details id=\"e-n-accordion-item-2370\" class=\"e-n-accordion-item\" open>\n\t\t\t\t<summary class=\"e-n-accordion-item-title\" data-accordion-index=\"1\" tabindex=\"0\" aria-expanded=\"true\" aria-controls=\"e-n-accordion-item-2370\" >\n\t\t\t\t\t<span class='e-n-accordion-item-title-header'><div class=\"e-n-accordion-item-title-text\"> Kerstin Rapp-Schwan <\/div><\/span>\n\t\t\t\t\t\t\t<span class='e-n-accordion-item-title-icon'>\n\t\t\t<span class='e-opened' ><svg aria-hidden=\"true\" class=\"e-font-icon-svg e-fas-minus\" viewBox=\"0 0 448 512\" xmlns=\"http:\/\/www.w3.org\/2000\/svg\"><path d=\"M416 208H32c-17.67 0-32 14.33-32 32v32c0 17.67 14.33 32 32 32h384c17.67 0 32-14.33 32-32v-32c0-17.67-14.33-32-32-32z\"><\/path><\/svg><\/span>\n\t\t\t<span class='e-closed'><svg aria-hidden=\"true\" class=\"e-font-icon-svg e-fas-plus\" viewBox=\"0 0 448 512\" xmlns=\"http:\/\/www.w3.org\/2000\/svg\"><path d=\"M416 208H272V64c0-17.67-14.33-32-32-32h-32c-17.67 0-32 14.33-32 32v144H32c-17.67 0-32 14.33-32 32v32c0 17.67 14.33 32 32 32h144v144c0 17.67 14.33 32 32 32h32c17.67 0 32-14.33 32-32V304h144c17.67 0 32-14.33 32-32v-32c0-17.67-14.33-32-32-32z\"><\/path><\/svg><\/span>\n\t\t<\/span>\n\n\t\t\t\t\t\t<\/summary>\n\t\t\t\t<div role=\"region\" aria-labelledby=\"e-n-accordion-item-2370\" class=\"elementor-element elementor-element-80bebfb e-con-full e-flex e-con e-child\" data-id=\"80bebfb\" data-element_type=\"container\" data-e-type=\"container\">\n\t\t\t\t<div class=\"elementor-element elementor-element-53c93e6 elementor-align-start elementor-icon-list--layout-traditional elementor-list-item-link-full_width elementor-widget elementor-widget-icon-list\" data-id=\"53c93e6\" data-element_type=\"widget\" data-e-type=\"widget\" data-widget_type=\"icon-list.default\">\n\t\t\t\t\t\t\t<ul class=\"elementor-icon-list-items\">\n\t\t\t\t\t\t\t<li class=\"elementor-icon-list-item\">\n\t\t\t\t\t\t\t\t\t\t<span class=\"elementor-icon-list-text\"><b>Gesellschafterin und Inhaberin der Schwan Restaurants in D\u00fcsseldorf und Umgebung sowie des Caf\u00e9 Beethoven in D\u00fcsseldorf-Flingern. <\/b>Als Vorst\u00e4ndin im Frauennetzwerk Foodservice, Vizepr\u00e4sidentin der IHK D\u00fcsseldorf, Mitinitiatorin von \u201eChefs in Town\u201c und Vorstandsmitglied der DZG steht sie f\u00fcr eine moderne, menschenorientierte Gastronomie und spricht \u00fcber Leidenschaft, Verantwortung und die Zukunft gemeinsamer Esskultur.<\/span>\n\t\t\t\t\t\t\t\t\t<\/li>\n\t\t\t\t\t\t<\/ul>\n\t\t\t\t\t\t<\/div>\n\t\t\t\t<\/div>\n\t\t\t\t\t<\/details>\n\t\t\t\t\t<\/div>\n\t\t\t\t\t\t<\/div>\n\t\t\t\t<\/div>\n\t\t\t\t<\/div>\n\t\t\t\t<\/div>\n\t\t\t\t\t<\/div>\n\t\t\t\t<\/div>\n\t\t<div class=\"elementor-element elementor-element-388deb9 shrinker e-flex e-con-boxed e-con e-parent\" data-id=\"388deb9\" data-element_type=\"container\" data-e-type=\"container\">\n\t\t\t\t\t<div class=\"e-con-inner\">\n\t\t<div class=\"elementor-element elementor-element-0cc2443 e-con-full e-flex e-con e-child\" data-id=\"0cc2443\" data-element_type=\"container\" data-e-type=\"container\">\n\t\t<div class=\"elementor-element elementor-element-a3f1912 e-con-full e-flex e-con e-child\" data-id=\"a3f1912\" data-element_type=\"container\" data-e-type=\"container\">\n\t\t<div class=\"elementor-element elementor-element-2f390d0 e-con-full e-flex e-con e-child\" data-id=\"2f390d0\" data-element_type=\"container\" data-e-type=\"container\">\n\t\t\t\t<div class=\"elementor-element elementor-element-e3dcc0d elementor-widget__width-inherit elementor-invisible elementor-widget elementor-widget-heading\" data-id=\"e3dcc0d\" data-element_type=\"widget\" data-e-type=\"widget\" data-settings=\"{&quot;_animation&quot;:&quot;fadeInUp&quot;}\" data-widget_type=\"heading.default\">\n\t\t\t\t\t<p class=\"elementor-heading-title elementor-size-default\">1.\tWie sind Sie zu Ihrem Beruf gekommen und was begeistert Sie bis heute an Ihrer Arbeit, in der Gastronomie?<\/p>\t\t\t\t<\/div>\n\t\t\t\t<div class=\"elementor-element elementor-element-134003b elementor-widget__width-inherit elementor-invisible elementor-widget elementor-widget-text-editor\" data-id=\"134003b\" data-element_type=\"widget\" data-e-type=\"widget\" data-settings=\"{&quot;_animation&quot;:&quot;fadeInUp&quot;}\" data-widget_type=\"text-editor.default\">\n\t\t\t\t\t\t\t\t\t<p style=\"font-weight: 400;\">Ich habe mit 14 Jahren mein erstes Sch\u00fclerpraktikum in einem Restaurant absolviert. Sp\u00e4ter habe ich eine Ausbildung als Industriekauffrau gemacht sowie ein BWL-Studium absolviert und in Agenturen und Unternehmensberatungen gearbeitet. Irgendwann stellte ich mir die Frage, ob ich das wirklich mein Leben lang machen m\u00f6chte. Zu der Zeit ging mein Vater, dessen Lebenswerk die Restaurantkette Maredo war, in den Ruhestand. Da mein Herz immer f\u00fcr die Gastronomie geschlagen hat, \u00fcbernahm ich mit 27 Jahren vier Standorte der Marke Spitz, die wir anschlie\u00dfend in Schwan umbenannten. Durch meinen Vater habe ich gelernt, wie viel einem dieser Beruf zur\u00fcckgibt und welche Leidenschaft f\u00fcr die Menschen darin steckt. In keinem anderen Berufsfeld lernt man so viel \u00fcber Menschen und \u00fcber sich selbst. Die Gastronomie bietet eine enorme Vielfalt und ich denke, dass f\u00fcr jeden was dabei ist. Ob Social Media, Topmanager oder Sp\u00fcler, wir bilden so viele Berufsbilder ab. Durch den niedrigschwelligen Einstieg kann sich jeder ausprobieren und das begeistert mich nach wie vor an der Branche. Es ist ein Privileg, Teil dieses sozialen Gef\u00fcges zu sein. Wir sind der analoge Treffpunkt in einer zunehmend digitalen Welt, denn essen werden wir auch in Zukunft gemeinsam, nicht virtuell.<\/p>\t\t\t\t\t\t\t\t<\/div>\n\t\t\t\t<\/div>\n\t\t\t\t<\/div>\n\t\t\t\t<\/div>\n\t\t\t\t\t<\/div>\n\t\t\t\t<\/div>\n\t\t<div class=\"elementor-element elementor-element-2b7000b shrinker e-flex e-con-boxed e-con e-parent\" data-id=\"2b7000b\" data-element_type=\"container\" data-e-type=\"container\">\n\t\t\t\t\t<div class=\"e-con-inner\">\n\t\t<div class=\"elementor-element elementor-element-fadb935 e-con-full e-flex e-con e-child\" data-id=\"fadb935\" data-element_type=\"container\" data-e-type=\"container\">\n\t\t<div class=\"elementor-element elementor-element-46322b2 e-con-full e-flex e-con e-child\" data-id=\"46322b2\" data-element_type=\"container\" data-e-type=\"container\">\n\t\t<div class=\"elementor-element elementor-element-3e8f930 e-con-full e-flex e-con e-child\" data-id=\"3e8f930\" data-element_type=\"container\" data-e-type=\"container\">\n\t\t\t\t<div class=\"elementor-element elementor-element-ba410d8 elementor-widget__width-inherit elementor-invisible elementor-widget elementor-widget-heading\" data-id=\"ba410d8\" data-element_type=\"widget\" data-e-type=\"widget\" data-settings=\"{&quot;_animation&quot;:&quot;fadeInUp&quot;}\" data-widget_type=\"heading.default\">\n\t\t\t\t\t<p class=\"elementor-heading-title elementor-size-default\">2.\tViele sagen: Gastronomie ist mehr als Essen und Trinken \u2013 es sind Treffpunkte, Orte der Begegnung und des Zusammenhalts. Wie erleben Sie das mit Ihren G\u00e4sten und Ihrem Team?<\/p>\t\t\t\t<\/div>\n\t\t\t\t<div class=\"elementor-element elementor-element-506cb3a elementor-widget__width-inherit elementor-invisible elementor-widget elementor-widget-text-editor\" data-id=\"506cb3a\" data-element_type=\"widget\" data-e-type=\"widget\" data-settings=\"{&quot;_animation&quot;:&quot;fadeInUp&quot;}\" data-widget_type=\"text-editor.default\">\n\t\t\t\t\t\t\t\t\t<p style=\"font-weight: 400;\">In der Tat: wir begleiten Menschen durch alle wichtigen Lebensereignisse, von der Geburt bis zum Tod. Orte des Alltags w\u00e4ren ohne uns unvorstellbar. Au\u00dferdem ist unsere Arbeit super kreativ und anpassungsf\u00e4hig, das hat die Corona-Pandemie gezeigt. Die Mitarbeiter unserer Branche sind einfach unglaublich flexibel und l\u00f6sungsorientiert. Meine Herzensangelegenheit ist, genau das sichtbar zu machen: wie wichtig und relevant wir f\u00fcr das gesellschaftliche Miteinander sind; und ich w\u00fcnsche mir, dass die Gastronomie in ihrer Bedeutung f\u00fcr das soziale Leben st\u00e4rker wahrgenommen und wertgesch\u00e4tzt wird.<\/p>\t\t\t\t\t\t\t\t<\/div>\n\t\t\t\t<\/div>\n\t\t\t\t<\/div>\n\t\t\t\t<\/div>\n\t\t\t\t\t<\/div>\n\t\t\t\t<\/div>\n\t\t<div class=\"elementor-element elementor-element-13c8e8e shrinker e-flex e-con-boxed e-con e-parent\" data-id=\"13c8e8e\" data-element_type=\"container\" data-e-type=\"container\">\n\t\t\t\t\t<div class=\"e-con-inner\">\n\t\t<div class=\"elementor-element elementor-element-85977ac e-con-full e-flex e-con e-child\" data-id=\"85977ac\" data-element_type=\"container\" data-e-type=\"container\">\n\t\t<div class=\"elementor-element elementor-element-f33fcec e-con-full e-flex e-con e-child\" data-id=\"f33fcec\" data-element_type=\"container\" data-e-type=\"container\">\n\t\t<div class=\"elementor-element elementor-element-bf3cbf9 e-con-full e-flex e-con e-child\" data-id=\"bf3cbf9\" data-element_type=\"container\" data-e-type=\"container\">\n\t\t\t\t<div class=\"elementor-element elementor-element-7556fa7 elementor-widget__width-inherit elementor-invisible elementor-widget elementor-widget-heading\" data-id=\"7556fa7\" data-element_type=\"widget\" data-e-type=\"widget\" data-settings=\"{&quot;_animation&quot;:&quot;fadeInUp&quot;}\" data-widget_type=\"heading.default\">\n\t\t\t\t\t<p class=\"elementor-heading-title elementor-size-default\">3. Welche Bedeutung hat die geplante Absenkung der Umsatzsteuer auf 7 % f\u00fcr Sie und was w\u00fcrde passieren, wenn sie nicht k\u00e4me?<\/p>\t\t\t\t<\/div>\n\t\t\t\t<div class=\"elementor-element elementor-element-cd15900 elementor-widget__width-inherit elementor-invisible elementor-widget elementor-widget-text-editor\" data-id=\"cd15900\" data-element_type=\"widget\" data-e-type=\"widget\" data-settings=\"{&quot;_animation&quot;:&quot;fadeInUp&quot;}\" data-widget_type=\"text-editor.default\">\n\t\t\t\t\t\t\t\t\t<p style=\"font-weight: 400;\">Diese Forderung ist ja nicht neu. Wir haben schon immer gefragt, warum eine T\u00fctensuppe mit 7% und eine frisch zubereitete, in tollem Geschirr servierte Suppe mit 19% besteuert wird. Wenn die Senkung auf 7% nicht kommt, glaube ich ganz sicher, dass viele Betriebe aufgeben m\u00fcssen. Das w\u00e4re nicht nur ein wirtschaftlicher Verlust, sondern auch ein fatales Signal an die Gastronomie und die Gesellschaft insgesamt. Eine ausbleibende Anpassung w\u00fcrde zu einer massiven Marktbereinigung f\u00fchren und das kann niemand wollen. Vor allem Individualisten werden zunehmend vom Markt verschwinden und die Vielfalt wird leiden. Denn betroffen w\u00e4ren nicht nur Restaurants, sondern in der Redaktionskette auch Kitas, Schulen und viele andere Einrichtungen. Die Konsequenzen w\u00e4ren enorm. Wenn die Mehrwertsteuersenkung allerdings durchgesetzt wird, w\u00e4re das ein wichtiges Zeichen der Wertsch\u00e4tzung f\u00fcr unsere Branche und die Arbeit, die wir t\u00e4glich f\u00fcr unsere Gesellschaft leisten.<\/p><p style=\"font-weight: 400;\"><strong>\u00a0<\/strong><\/p>\t\t\t\t\t\t\t\t<\/div>\n\t\t\t\t<\/div>\n\t\t\t\t<\/div>\n\t\t\t\t<\/div>\n\t\t\t\t\t<\/div>\n\t\t\t\t<\/div>\n\t\t<div class=\"elementor-element elementor-element-e7fab3f shrinker e-flex e-con-boxed e-con e-parent\" data-id=\"e7fab3f\" data-element_type=\"container\" data-e-type=\"container\">\n\t\t\t\t\t<div class=\"e-con-inner\">\n\t\t<div class=\"elementor-element elementor-element-ad3cfae e-con-full e-flex e-con e-child\" data-id=\"ad3cfae\" data-element_type=\"container\" data-e-type=\"container\">\n\t\t<div class=\"elementor-element elementor-element-539e323 e-flex e-con-boxed e-con e-child\" data-id=\"539e323\" data-element_type=\"container\" data-e-type=\"container\">\n\t\t\t\t\t<div class=\"e-con-inner\">\n\t\t<div class=\"elementor-element elementor-element-4494597 e-con-full e-flex e-con e-child\" data-id=\"4494597\" data-element_type=\"container\" data-e-type=\"container\">\n\t\t\t\t<div class=\"elementor-element elementor-element-edfcbcb elementor-widget__width-initial elementor-widget-mobile__width-inherit elementor-invisible elementor-widget elementor-widget-heading\" data-id=\"edfcbcb\" data-element_type=\"widget\" data-e-type=\"widget\" data-settings=\"{&quot;_animation&quot;:&quot;fadeInUp&quot;}\" data-widget_type=\"heading.default\">\n\t\t\t\t\t<h2 class=\"elementor-heading-title elementor-size-default\">\u201eWir sind der analoge Treffpunkt in einer zunehmend digitalen Welt \u2013 denn essen werden wir auch in Zukunft gemeinsam, nicht virtuell.\u201c<\/h2>\t\t\t\t<\/div>\n\t\t\t\t<div class=\"elementor-element elementor-element-2180f47 elementor-widget__width-initial elementor-invisible elementor-widget elementor-widget-heading\" data-id=\"2180f47\" data-element_type=\"widget\" data-e-type=\"widget\" data-settings=\"{&quot;_animation&quot;:&quot;fadeInUp&quot;}\" data-widget_type=\"heading.default\">\n\t\t\t\t\t<h2 class=\"elementor-heading-title elementor-size-default\">Kerstin Rapp-Schwan \u2013 Schwan Restaurants<\/h2>\t\t\t\t<\/div>\n\t\t\t\t<\/div>\n\t\t\t\t\t<\/div>\n\t\t\t\t<\/div>\n\t\t\t\t<\/div>\n\t\t\t\t\t<\/div>\n\t\t\t\t<\/div>\n\t\t\t\t<\/div>\n\t\t","protected":false},"excerpt":{"rendered":"<p>Gastweltmacherin Kerstin Rapp-Schwan &nbsp; Kerstin Rapp-Schwan Gesellschafterin und Inhaberin der Schwan Restaurants in D\u00fcsseldorf und Umgebung sowie des Caf\u00e9 Beethoven in D\u00fcsseldorf-Flingern. Als Vorst\u00e4ndin im Frauennetzwerk Foodservice, Vizepr\u00e4sidentin der IHK D\u00fcsseldorf, Mitinitiatorin von \u201eChefs in Town\u201c und Vorstandsmitglied der DZG steht sie f\u00fcr eine moderne, menschenorientierte Gastronomie und spricht \u00fcber Leidenschaft, Verantwortung und die Zukunft [&hellip;]<\/p>\n","protected":false},"author":4,"featured_media":14184,"comment_status":"closed","ping_status":"closed","sticky":false,"template":"","format":"standard","meta":{"_acf_changed":false,"footnotes":""},"categories":[18],"tags":[],"class_list":["post-13703","post","type-post","status-publish","format-standard","has-post-thumbnail","hentry","category-gastweltmacher"],"acf":[],"_links":{"self":[{"href":"https:\/\/zukunft-gastwelt.de\/newsroom\/wp-json\/wp\/v2\/posts\/13703","targetHints":{"allow":["GET"]}}],"collection":[{"href":"https:\/\/zukunft-gastwelt.de\/newsroom\/wp-json\/wp\/v2\/posts"}],"about":[{"href":"https:\/\/zukunft-gastwelt.de\/newsroom\/wp-json\/wp\/v2\/types\/post"}],"author":[{"embeddable":true,"href":"https:\/\/zukunft-gastwelt.de\/newsroom\/wp-json\/wp\/v2\/users\/4"}],"replies":[{"embeddable":true,"href":"https:\/\/zukunft-gastwelt.de\/newsroom\/wp-json\/wp\/v2\/comments?post=13703"}],"version-history":[{"count":10,"href":"https:\/\/zukunft-gastwelt.de\/newsroom\/wp-json\/wp\/v2\/posts\/13703\/revisions"}],"predecessor-version":[{"id":14185,"href":"https:\/\/zukunft-gastwelt.de\/newsroom\/wp-json\/wp\/v2\/posts\/13703\/revisions\/14185"}],"wp:featuredmedia":[{"embeddable":true,"href":"https:\/\/zukunft-gastwelt.de\/newsroom\/wp-json\/wp\/v2\/media\/14184"}],"wp:attachment":[{"href":"https:\/\/zukunft-gastwelt.de\/newsroom\/wp-json\/wp\/v2\/media?parent=13703"}],"wp:term":[{"taxonomy":"category","embeddable":true,"href":"https:\/\/zukunft-gastwelt.de\/newsroom\/wp-json\/wp\/v2\/categories?post=13703"},{"taxonomy":"post_tag","embeddable":true,"href":"https:\/\/zukunft-gastwelt.de\/newsroom\/wp-json\/wp\/v2\/tags?post=13703"}],"curies":[{"name":"wp","href":"https:\/\/api.w.org\/{rel}","templated":true}]}}